{"id":5475,"date":"2026-09-02T12:24:43","date_gmt":"2026-09-02T10:24:43","guid":{"rendered":"https:\/\/artphotonics.com\/?p=5475"},"modified":"2026-09-02T12:24:45","modified_gmt":"2026-09-02T10:24:45","slug":"jasis-2026-2-4-september-2026-makuhari-messe-japan-2","status":"publish","type":"post","link":"https:\/\/artphotonics.com\/de\/jasis-2026-2-4-september-2026-makuhari-messe-japan-2\/","title":{"rendered":"JASIS 2026 | 2.-4. September 2026 | Makuhari Messe, Japan"},"content":{"rendered":"\n<p class=\"wp-block-paragraph\"><strong>Tag 1 Update: Treffen Sie unseren technischen Repr\u00e4sentanten<\/strong><\/p>\n\n\n\n<p class=\"wp-block-paragraph\">Tag 1 der JASIS 2026 ist offiziell gestartet. Unser technischer Repr\u00e4sentant und <strong>R&amp;D Manager, Alexander Novikov<\/strong>, ist heute vor Ort auf der Makuhari Messe und freut sich darauf, sich mit Branchenexperten auszutauschen.<\/p>\n\n\n\n<p class=\"wp-block-paragraph\">Wenn Sie Ihre Inline-Prozesskontrolle verbessern m\u00f6chten, ist dies eine hervorragende Gelegenheit, direkt mit unserer R&amp;D-Leitung zu sprechen. Alexander steht f\u00fcr pers\u00f6nliche Gespr\u00e4che zur Verf\u00fcgung, um detailliert zu besprechen, wie unsere faseroptischen Breitbandl\u00f6sungen ma\u00dfgeschneidert werden k\u00f6nnen, um Ihre anspruchsvollsten Herausforderungen in der Prozessanalysentechnik (PAT) zu l\u00f6sen.<\/p>\n\n\n\n<p class=\"wp-block-paragraph\">Um heute oder w\u00e4hrend der gesamten Veranstaltung einen Termin mit Alexander zu vereinbaren, kontaktieren Sie uns bitte unter info@artphotonics.com.<\/p>\n","protected":false},"excerpt":{"rendered":"<p>Tag 1 Update: Treffen Sie unseren technischen Repr\u00e4sentanten Tag 1 der JASIS 2026 ist offiziell gestartet. Unser technischer Repr\u00e4sentant und R&amp;D Manager, Alexander Novikov, ist heute vor Ort auf der Makuhari Messe und freut sich darauf, sich mit Branchenexperten auszutauschen. Wenn Sie Ihre Inline-Prozesskontrolle verbessern m\u00f6chten, ist dies eine hervorragende Gelegenheit, direkt mit unserer R&amp;D-Leitung [&hellip;]<\/p>\n","protected":false},"author":11,"featured_media":5476,"comment_status":"closed","ping_status":"closed","sticky":false,"template":"","format":"standard","meta":{"footnotes":""},"categories":[103],"tags":[],"class_list":["post-5475","post","type-post","status-publish","format-standard","has-post-thumbnail","hentry","category-events-de"],"yoast_head":"<!-- This site is optimized with the Yoast SEO plugin v26.1.1 - https:\/\/yoast.com\/wordpress\/plugins\/seo\/ -->\n<title>JASIS 2026 | 2.-4. September 2026 | Makuhari Messe, Japan - art photonics<\/title>\n<meta name=\"robots\" content=\"index, follow, max-snippet:-1, max-image-preview:large, max-video-preview:-1\" \/>\n<link rel=\"canonical\" href=\"https:\/\/artphotonics.com\/de\/jasis-2026-2-4-september-2026-makuhari-messe-japan-2\/\" \/>\n<meta property=\"og:locale\" content=\"de_DE\" \/>\n<meta property=\"og:type\" content=\"article\" \/>\n<meta property=\"og:title\" content=\"JASIS 2026 | 2.-4. September 2026 | Makuhari Messe, Japan - art photonics\" \/>\n<meta property=\"og:description\" content=\"Tag 1 Update: Treffen Sie unseren technischen Repr\u00e4sentanten Tag 1 der JASIS 2026 ist offiziell gestartet. Unser technischer Repr\u00e4sentant und R&amp;D Manager, Alexander Novikov, ist heute vor Ort auf der Makuhari Messe und freut sich darauf, sich mit Branchenexperten auszutauschen. Wenn Sie Ihre Inline-Prozesskontrolle verbessern m\u00f6chten, ist dies eine hervorragende Gelegenheit, direkt mit unserer R&amp;D-Leitung [&hellip;]\" \/>\n<meta property=\"og:url\" content=\"https:\/\/artphotonics.com\/de\/jasis-2026-2-4-september-2026-makuhari-messe-japan-2\/\" \/>\n<meta property=\"og:site_name\" content=\"art photonics\" \/>\n<meta property=\"article:published_time\" content=\"2026-09-02T10:24:43+00:00\" \/>\n<meta property=\"article:modified_time\" content=\"2026-09-02T10:24:45+00:00\" \/>\n<meta property=\"og:image\" content=\"https:\/\/artphotonics.com\/wp-content\/uploads\/2026\/09\/JASIS-day-1_less-1-scaled.jpg\" \/>\n\t<meta property=\"og:image:width\" content=\"2560\" \/>\n\t<meta property=\"og:image:height\" content=\"1676\" \/>\n\t<meta property=\"og:image:type\" content=\"image\/jpeg\" \/>\n<meta name=\"author\" content=\"Stanislav Perevoschikov\" \/>\n<meta name=\"twitter:card\" content=\"summary_large_image\" \/>\n<meta name=\"twitter:label1\" content=\"Verfasst von\" \/>\n\t<meta name=\"twitter:data1\" content=\"Stanislav Perevoschikov\" \/>\n\t<meta name=\"twitter:label2\" content=\"Gesch\u00e4tzte Lesezeit\" \/>\n\t<meta name=\"twitter:data2\" content=\"1\u00a0Minute\" \/>\n<script type=\"application\/ld+json\" class=\"yoast-schema-graph\">{\"@context\":\"https:\/\/schema.org\",\"@graph\":[{\"@type\":\"Article\",\"@id\":\"https:\/\/artphotonics.com\/de\/jasis-2026-2-4-september-2026-makuhari-messe-japan-2\/#article\",\"isPartOf\":{\"@id\":\"https:\/\/artphotonics.com\/de\/jasis-2026-2-4-september-2026-makuhari-messe-japan-2\/\"},\"author\":{\"name\":\"Stanislav Perevoschikov\",\"@id\":\"https:\/\/artphotonics.com\/de\/#\/schema\/person\/128d234dbda7977dd07f21345b9c0939\"},\"headline\":\"JASIS 2026 | 2.-4. September 2026 | Makuhari Messe, Japan\",\"datePublished\":\"2026-09-02T10:24:43+00:00\",\"dateModified\":\"2026-09-02T10:24:45+00:00\",\"mainEntityOfPage\":{\"@id\":\"https:\/\/artphotonics.com\/de\/jasis-2026-2-4-september-2026-makuhari-messe-japan-2\/\"},\"wordCount\":125,\"publisher\":{\"@id\":\"https:\/\/artphotonics.com\/de\/#organization\"},\"image\":{\"@id\":\"https:\/\/artphotonics.com\/de\/jasis-2026-2-4-september-2026-makuhari-messe-japan-2\/#primaryimage\"},\"thumbnailUrl\":\"https:\/\/artphotonics.com\/wp-content\/uploads\/2026\/09\/JASIS-day-1_less-1-scaled.jpg\",\"articleSection\":[\"Events\"],\"inLanguage\":\"de\"},{\"@type\":\"WebPage\",\"@id\":\"https:\/\/artphotonics.com\/de\/jasis-2026-2-4-september-2026-makuhari-messe-japan-2\/\",\"url\":\"https:\/\/artphotonics.com\/de\/jasis-2026-2-4-september-2026-makuhari-messe-japan-2\/\",\"name\":\"JASIS 2026 | 2.-4. September 2026 | Makuhari Messe, Japan - art photonics\",\"isPartOf\":{\"@id\":\"https:\/\/artphotonics.com\/de\/#website\"},\"primaryImageOfPage\":{\"@id\":\"https:\/\/artphotonics.com\/de\/jasis-2026-2-4-september-2026-makuhari-messe-japan-2\/#primaryimage\"},\"image\":{\"@id\":\"https:\/\/artphotonics.com\/de\/jasis-2026-2-4-september-2026-makuhari-messe-japan-2\/#primaryimage\"},\"thumbnailUrl\":\"https:\/\/artphotonics.com\/wp-content\/uploads\/2026\/09\/JASIS-day-1_less-1-scaled.jpg\",\"datePublished\":\"2026-09-02T10:24:43+00:00\",\"dateModified\":\"2026-09-02T10:24:45+00:00\",\"breadcrumb\":{\"@id\":\"https:\/\/artphotonics.com\/de\/jasis-2026-2-4-september-2026-makuhari-messe-japan-2\/#breadcrumb\"},\"inLanguage\":\"de\",\"potentialAction\":[{\"@type\":\"ReadAction\",\"target\":[\"https:\/\/artphotonics.com\/de\/jasis-2026-2-4-september-2026-makuhari-messe-japan-2\/\"]}]},{\"@type\":\"ImageObject\",\"inLanguage\":\"de\",\"@id\":\"https:\/\/artphotonics.com\/de\/jasis-2026-2-4-september-2026-makuhari-messe-japan-2\/#primaryimage\",\"url\":\"https:\/\/artphotonics.com\/wp-content\/uploads\/2026\/09\/JASIS-day-1_less-1-scaled.jpg\",\"contentUrl\":\"https:\/\/artphotonics.com\/wp-content\/uploads\/2026\/09\/JASIS-day-1_less-1-scaled.jpg\",\"width\":2560,\"height\":1676},{\"@type\":\"BreadcrumbList\",\"@id\":\"https:\/\/artphotonics.com\/de\/jasis-2026-2-4-september-2026-makuhari-messe-japan-2\/#breadcrumb\",\"itemListElement\":[{\"@type\":\"ListItem\",\"position\":1,\"name\":\"Home\",\"item\":\"https:\/\/artphotonics.com\/de\/\"},{\"@type\":\"ListItem\",\"position\":2,\"name\":\"JASIS 2026 | 2.-4. September 2026 | Makuhari Messe, Japan\"}]},{\"@type\":\"WebSite\",\"@id\":\"https:\/\/artphotonics.com\/de\/#website\",\"url\":\"https:\/\/artphotonics.com\/de\/\",\"name\":\"art photonics\",\"description\":\"Worldwide Leader in Custom Fiber Products\",\"publisher\":{\"@id\":\"https:\/\/artphotonics.com\/de\/#organization\"},\"potentialAction\":[{\"@type\":\"SearchAction\",\"target\":{\"@type\":\"EntryPoint\",\"urlTemplate\":\"https:\/\/artphotonics.com\/de\/?s={search_term_string}\"},\"query-input\":{\"@type\":\"PropertyValueSpecification\",\"valueRequired\":true,\"valueName\":\"search_term_string\"}}],\"inLanguage\":\"de\"},{\"@type\":\"Organization\",\"@id\":\"https:\/\/artphotonics.com\/de\/#organization\",\"name\":\"art photonics GmbH\",\"url\":\"https:\/\/artphotonics.com\/de\/\",\"logo\":{\"@type\":\"ImageObject\",\"inLanguage\":\"de\",\"@id\":\"https:\/\/artphotonics.com\/de\/#\/schema\/logo\/image\/\",\"url\":\"https:\/\/artphotonics.com\/wp-content\/uploads\/2021\/03\/Art_photonics_logo_color.svg\",\"contentUrl\":\"https:\/\/artphotonics.com\/wp-content\/uploads\/2021\/03\/Art_photonics_logo_color.svg\",\"width\":582,\"height\":148,\"caption\":\"art photonics GmbH\"},\"image\":{\"@id\":\"https:\/\/artphotonics.com\/de\/#\/schema\/logo\/image\/\"}},{\"@type\":\"Person\",\"@id\":\"https:\/\/artphotonics.com\/de\/#\/schema\/person\/128d234dbda7977dd07f21345b9c0939\",\"name\":\"Stanislav Perevoschikov\",\"image\":{\"@type\":\"ImageObject\",\"inLanguage\":\"de\",\"@id\":\"https:\/\/artphotonics.com\/de\/#\/schema\/person\/image\/\",\"url\":\"https:\/\/secure.gravatar.com\/avatar\/a5d372f8443f35b14350f55916a77d52660845b45a1e67304b0f37ee857bd8f4?s=96&d=mm&r=g\",\"contentUrl\":\"https:\/\/secure.gravatar.com\/avatar\/a5d372f8443f35b14350f55916a77d52660845b45a1e67304b0f37ee857bd8f4?s=96&d=mm&r=g\",\"caption\":\"Stanislav Perevoschikov\"},\"url\":\"https:\/\/artphotonics.com\/de\"}]}<\/script>\n<!-- \/ Yoast SEO plugin. -->","yoast_head_json":{"title":"JASIS 2026 | 2.-4. September 2026 | Makuhari Messe, Japan - art photonics","robots":{"index":"index","follow":"follow","max-snippet":"max-snippet:-1","max-image-preview":"max-image-preview:large","max-video-preview":"max-video-preview:-1"},"canonical":"https:\/\/artphotonics.com\/de\/jasis-2026-2-4-september-2026-makuhari-messe-japan-2\/","og_locale":"de_DE","og_type":"article","og_title":"JASIS 2026 | 2.-4. September 2026 | Makuhari Messe, Japan - art photonics","og_description":"Tag 1 Update: Treffen Sie unseren technischen Repr\u00e4sentanten Tag 1 der JASIS 2026 ist offiziell gestartet. Unser technischer Repr\u00e4sentant und R&amp;D Manager, Alexander Novikov, ist heute vor Ort auf der Makuhari Messe und freut sich darauf, sich mit Branchenexperten auszutauschen. Wenn Sie Ihre Inline-Prozesskontrolle verbessern m\u00f6chten, ist dies eine hervorragende Gelegenheit, direkt mit unserer R&amp;D-Leitung [&hellip;]","og_url":"https:\/\/artphotonics.com\/de\/jasis-2026-2-4-september-2026-makuhari-messe-japan-2\/","og_site_name":"art photonics","article_published_time":"2026-09-02T10:24:43+00:00","article_modified_time":"2026-09-02T10:24:45+00:00","og_image":[{"width":2560,"height":1676,"url":"https:\/\/artphotonics.com\/wp-content\/uploads\/2026\/09\/JASIS-day-1_less-1-scaled.jpg","type":"image\/jpeg"}],"author":"Stanislav Perevoschikov","twitter_card":"summary_large_image","twitter_misc":{"Verfasst von":"Stanislav Perevoschikov","Gesch\u00e4tzte Lesezeit":"1\u00a0Minute"},"schema":{"@context":"https:\/\/schema.org","@graph":[{"@type":"Article","@id":"https:\/\/artphotonics.com\/de\/jasis-2026-2-4-september-2026-makuhari-messe-japan-2\/#article","isPartOf":{"@id":"https:\/\/artphotonics.com\/de\/jasis-2026-2-4-september-2026-makuhari-messe-japan-2\/"},"author":{"name":"Stanislav Perevoschikov","@id":"https:\/\/artphotonics.com\/de\/#\/schema\/person\/128d234dbda7977dd07f21345b9c0939"},"headline":"JASIS 2026 | 2.-4. September 2026 | Makuhari Messe, Japan","datePublished":"2026-09-02T10:24:43+00:00","dateModified":"2026-09-02T10:24:45+00:00","mainEntityOfPage":{"@id":"https:\/\/artphotonics.com\/de\/jasis-2026-2-4-september-2026-makuhari-messe-japan-2\/"},"wordCount":125,"publisher":{"@id":"https:\/\/artphotonics.com\/de\/#organization"},"image":{"@id":"https:\/\/artphotonics.com\/de\/jasis-2026-2-4-september-2026-makuhari-messe-japan-2\/#primaryimage"},"thumbnailUrl":"https:\/\/artphotonics.com\/wp-content\/uploads\/2026\/09\/JASIS-day-1_less-1-scaled.jpg","articleSection":["Events"],"inLanguage":"de"},{"@type":"WebPage","@id":"https:\/\/artphotonics.com\/de\/jasis-2026-2-4-september-2026-makuhari-messe-japan-2\/","url":"https:\/\/artphotonics.com\/de\/jasis-2026-2-4-september-2026-makuhari-messe-japan-2\/","name":"JASIS 2026 | 2.-4. September 2026 | Makuhari Messe, Japan - art photonics","isPartOf":{"@id":"https:\/\/artphotonics.com\/de\/#website"},"primaryImageOfPage":{"@id":"https:\/\/artphotonics.com\/de\/jasis-2026-2-4-september-2026-makuhari-messe-japan-2\/#primaryimage"},"image":{"@id":"https:\/\/artphotonics.com\/de\/jasis-2026-2-4-september-2026-makuhari-messe-japan-2\/#primaryimage"},"thumbnailUrl":"https:\/\/artphotonics.com\/wp-content\/uploads\/2026\/09\/JASIS-day-1_less-1-scaled.jpg","datePublished":"2026-09-02T10:24:43+00:00","dateModified":"2026-09-02T10:24:45+00:00","breadcrumb":{"@id":"https:\/\/artphotonics.com\/de\/jasis-2026-2-4-september-2026-makuhari-messe-japan-2\/#breadcrumb"},"inLanguage":"de","potentialAction":[{"@type":"ReadAction","target":["https:\/\/artphotonics.com\/de\/jasis-2026-2-4-september-2026-makuhari-messe-japan-2\/"]}]},{"@type":"ImageObject","inLanguage":"de","@id":"https:\/\/artphotonics.com\/de\/jasis-2026-2-4-september-2026-makuhari-messe-japan-2\/#primaryimage","url":"https:\/\/artphotonics.com\/wp-content\/uploads\/2026\/09\/JASIS-day-1_less-1-scaled.jpg","contentUrl":"https:\/\/artphotonics.com\/wp-content\/uploads\/2026\/09\/JASIS-day-1_less-1-scaled.jpg","width":2560,"height":1676},{"@type":"BreadcrumbList","@id":"https:\/\/artphotonics.com\/de\/jasis-2026-2-4-september-2026-makuhari-messe-japan-2\/#breadcrumb","itemListElement":[{"@type":"ListItem","position":1,"name":"Home","item":"https:\/\/artphotonics.com\/de\/"},{"@type":"ListItem","position":2,"name":"JASIS 2026 | 2.-4. September 2026 | Makuhari Messe, Japan"}]},{"@type":"WebSite","@id":"https:\/\/artphotonics.com\/de\/#website","url":"https:\/\/artphotonics.com\/de\/","name":"art photonics","description":"Worldwide Leader in Custom Fiber Products","publisher":{"@id":"https:\/\/artphotonics.com\/de\/#organization"},"potentialAction":[{"@type":"SearchAction","target":{"@type":"EntryPoint","urlTemplate":"https:\/\/artphotonics.com\/de\/?s={search_term_string}"},"query-input":{"@type":"PropertyValueSpecification","valueRequired":true,"valueName":"search_term_string"}}],"inLanguage":"de"},{"@type":"Organization","@id":"https:\/\/artphotonics.com\/de\/#organization","name":"art photonics GmbH","url":"https:\/\/artphotonics.com\/de\/","logo":{"@type":"ImageObject","inLanguage":"de","@id":"https:\/\/artphotonics.com\/de\/#\/schema\/logo\/image\/","url":"https:\/\/artphotonics.com\/wp-content\/uploads\/2021\/03\/Art_photonics_logo_color.svg","contentUrl":"https:\/\/artphotonics.com\/wp-content\/uploads\/2021\/03\/Art_photonics_logo_color.svg","width":582,"height":148,"caption":"art photonics GmbH"},"image":{"@id":"https:\/\/artphotonics.com\/de\/#\/schema\/logo\/image\/"}},{"@type":"Person","@id":"https:\/\/artphotonics.com\/de\/#\/schema\/person\/128d234dbda7977dd07f21345b9c0939","name":"Stanislav Perevoschikov","image":{"@type":"ImageObject","inLanguage":"de","@id":"https:\/\/artphotonics.com\/de\/#\/schema\/person\/image\/","url":"https:\/\/secure.gravatar.com\/avatar\/a5d372f8443f35b14350f55916a77d52660845b45a1e67304b0f37ee857bd8f4?s=96&d=mm&r=g","contentUrl":"https:\/\/secure.gravatar.com\/avatar\/a5d372f8443f35b14350f55916a77d52660845b45a1e67304b0f37ee857bd8f4?s=96&d=mm&r=g","caption":"Stanislav Perevoschikov"},"url":"https:\/\/artphotonics.com\/de"}]}},"_links":{"self":[{"href":"https:\/\/artphotonics.com\/de\/wp-json\/wp\/v2\/posts\/5475","targetHints":{"allow":["GET"]}}],"collection":[{"href":"https:\/\/artphotonics.com\/de\/wp-json\/wp\/v2\/posts"}],"about":[{"href":"https:\/\/artphotonics.com\/de\/wp-json\/wp\/v2\/types\/post"}],"author":[{"embeddable":true,"href":"https:\/\/artphotonics.com\/de\/wp-json\/wp\/v2\/users\/11"}],"replies":[{"embeddable":true,"href":"https:\/\/artphotonics.com\/de\/wp-json\/wp\/v2\/comments?post=5475"}],"version-history":[{"count":1,"href":"https:\/\/artphotonics.com\/de\/wp-json\/wp\/v2\/posts\/5475\/revisions"}],"predecessor-version":[{"id":5477,"href":"https:\/\/artphotonics.com\/de\/wp-json\/wp\/v2\/posts\/5475\/revisions\/5477"}],"wp:featuredmedia":[{"embeddable":true,"href":"https:\/\/artphotonics.com\/de\/wp-json\/wp\/v2\/media\/5476"}],"wp:attachment":[{"href":"https:\/\/artphotonics.com\/de\/wp-json\/wp\/v2\/media?parent=5475"}],"wp:term":[{"taxonomy":"category","embeddable":true,"href":"https:\/\/artphotonics.com\/de\/wp-json\/wp\/v2\/categories?post=5475"},{"taxonomy":"post_tag","embeddable":true,"href":"https:\/\/artphotonics.com\/de\/wp-json\/wp\/v2\/tags?post=5475"}],"curies":[{"name":"wp","href":"https:\/\/api.w.org\/{rel}","templated":true}]}}