{"id":5287,"date":"2026-04-28T10:07:29","date_gmt":"2026-04-28T08:07:29","guid":{"rendered":"https:\/\/artphotonics.com\/?p=5287"},"modified":"2026-04-28T10:07:30","modified_gmt":"2026-04-28T08:07:30","slug":"tag-1-der-epic-agm-2026-28-30-april-2026-juan-les-pins-nizza-frankreich","status":"publish","type":"post","link":"https:\/\/artphotonics.com\/de\/tag-1-der-epic-agm-2026-28-30-april-2026-juan-les-pins-nizza-frankreich\/","title":{"rendered":"Tag 1 der EPIC AGM 2026 | 28.-30. April 2026 | Juan-les-Pins, Nizza, Frankreich"},"content":{"rendered":"\n<p>Bonjour aus Juan-les-Pins!<\/p>\n\n\n\n<p>Tag 1 des EPIC AGM &amp; Summit 2026 ist da, und die <strong>art photonics GmbH<\/strong> ist bereit f\u00fcr eine unglaubliche Veranstaltung. Unsere CEO, Dr. Stefanie Foerster, hat bereits einige aufschlussreiche Gespr\u00e4che gef\u00fchrt und den Auftakt direkt an der Seite von Carlos Lee, dem Generaldirektor von EPIC, gemacht.<\/p>\n\n\n\n<p>Ein herzliches Dankesch\u00f6n geht an das European Photonics Industry Consortium (EPIC) f\u00fcr die Wahl dieses atemberaubenden Ortes f\u00fcr das AGM und f\u00fcr die Organisation eines weiteren hervorragenden Events. Die Energie hier ist fantastisch!<\/p>\n\n\n\n<p>W\u00e4hrend des Gipfeltreffens pr\u00e4sentieren wir unsere hochmodernen faseroptischen L\u00f6sungen, die vom UV-Vis- bis zum Mid-IR-Bereich reichen und speziell f\u00fcr die Prozessanalysentechnik (PAT) und die industrielle Prozesskontrolle entwickelt wurden. Wir freuen uns darauf, zu er\u00f6rtern, wie unsere faseroptischen Breitbandl\u00f6sungen (\"broad spectra fiber solutions\") einen Mehrwert f\u00fcr Ihre kritischen Anwendungen bieten k\u00f6nnen.<\/p>\n\n\n\n<p>Wenn Sie am Gipfeltreffen teilnehmen, besuchen Sie Stefanie an <strong>Stand #38<\/strong>. Lassen Sie uns vernetzen, Erkenntnisse austauschen und \u00fcber die Zukunft der Photonik diskutieren. Wir freuen uns darauf, Sie dort zu sehen.<\/p>\n\n\n\n<hr class=\"wp-block-separator has-alpha-channel-opacity\"\/>\n\n\n\n<h3 class=\"wp-block-heading\"><strong>Veranstaltungsdetails<\/strong><\/h3>\n\n\n\n<ul class=\"wp-block-list\">\n<li><strong>Datum:<\/strong> 28. - 30. April 2026<\/li>\n\n\n\n<li><strong>Ort:<\/strong> Juan-les-Pins, Nizza, Frankreich<\/li>\n\n\n\n<li><strong>Stand:<\/strong> #38<\/li>\n\n\n\n<li><strong>Weitere Informationen:<\/strong> <a href=\"https:\/\/epic-photonics.com\/product\/epic-annual-general-meeting-2026\/\" target=\"_blank\" rel=\"noreferrer noopener\">Besuchen Sie die EPIC-Veranstaltungsseite<\/a><\/li>\n<\/ul>\n\n\n\n<p><\/p>\n","protected":false},"excerpt":{"rendered":"<p>Bonjour aus Juan-les-Pins! Tag 1 des EPIC AGM &amp; Summit 2026 ist da, und die art photonics GmbH ist bereit f\u00fcr eine unglaubliche Veranstaltung. Unsere CEO, Dr. Stefanie Foerster, hat bereits einige aufschlussreiche Gespr\u00e4che gef\u00fchrt und den Auftakt direkt an der Seite von Carlos Lee, dem Generaldirektor von EPIC, gemacht. Ein herzliches Dankesch\u00f6n geht an [&hellip;]<\/p>\n","protected":false},"author":11,"featured_media":5288,"comment_status":"closed","ping_status":"closed","sticky":false,"template":"","format":"standard","meta":{"footnotes":""},"categories":[2],"tags":[],"class_list":["post-5287","post","type-post","status-publish","format-standard","has-post-thumbnail","hentry","category-unkategorisiert"],"yoast_head":"<!-- This site is optimized with the Yoast SEO plugin v26.1.1 - https:\/\/yoast.com\/wordpress\/plugins\/seo\/ -->\n<title>Tag 1 der EPIC AGM 2026 | 28.-30. April 2026 | Juan-les-Pins, Nizza, Frankreich - art photonics<\/title>\n<meta name=\"robots\" content=\"index, follow, max-snippet:-1, max-image-preview:large, max-video-preview:-1\" \/>\n<link rel=\"canonical\" href=\"https:\/\/artphotonics.com\/de\/tag-1-der-epic-agm-2026-28-30-april-2026-juan-les-pins-nizza-frankreich\/\" \/>\n<meta property=\"og:locale\" content=\"de_DE\" \/>\n<meta property=\"og:type\" content=\"article\" \/>\n<meta property=\"og:title\" content=\"Tag 1 der EPIC AGM 2026 | 28.-30. April 2026 | Juan-les-Pins, Nizza, Frankreich - art photonics\" \/>\n<meta property=\"og:description\" content=\"Bonjour aus Juan-les-Pins! Tag 1 des EPIC AGM &amp; Summit 2026 ist da, und die art photonics GmbH ist bereit f\u00fcr eine unglaubliche Veranstaltung. Unsere CEO, Dr. Stefanie Foerster, hat bereits einige aufschlussreiche Gespr\u00e4che gef\u00fchrt und den Auftakt direkt an der Seite von Carlos Lee, dem Generaldirektor von EPIC, gemacht. Ein herzliches Dankesch\u00f6n geht an [&hellip;]\" \/>\n<meta property=\"og:url\" content=\"https:\/\/artphotonics.com\/de\/tag-1-der-epic-agm-2026-28-30-april-2026-juan-les-pins-nizza-frankreich\/\" \/>\n<meta property=\"og:site_name\" content=\"art photonics\" \/>\n<meta property=\"article:published_time\" content=\"2026-04-28T08:07:29+00:00\" \/>\n<meta property=\"article:modified_time\" content=\"2026-04-28T08:07:30+00:00\" \/>\n<meta property=\"og:image\" content=\"https:\/\/artphotonics.com\/wp-content\/uploads\/2026\/04\/IMG_1388cut-1-scaled.jpg\" \/>\n\t<meta property=\"og:image:width\" content=\"2560\" \/>\n\t<meta property=\"og:image:height\" content=\"2405\" \/>\n\t<meta property=\"og:image:type\" content=\"image\/jpeg\" \/>\n<meta name=\"author\" content=\"Stanislav Perevoschikov\" \/>\n<meta name=\"twitter:card\" content=\"summary_large_image\" \/>\n<meta name=\"twitter:label1\" content=\"Verfasst von\" \/>\n\t<meta name=\"twitter:data1\" content=\"Stanislav Perevoschikov\" \/>\n\t<meta name=\"twitter:label2\" content=\"Gesch\u00e4tzte Lesezeit\" \/>\n\t<meta name=\"twitter:data2\" content=\"1\u00a0Minute\" \/>\n<script type=\"application\/ld+json\" class=\"yoast-schema-graph\">{\"@context\":\"https:\/\/schema.org\",\"@graph\":[{\"@type\":\"Article\",\"@id\":\"https:\/\/artphotonics.com\/de\/tag-1-der-epic-agm-2026-28-30-april-2026-juan-les-pins-nizza-frankreich\/#article\",\"isPartOf\":{\"@id\":\"https:\/\/artphotonics.com\/de\/tag-1-der-epic-agm-2026-28-30-april-2026-juan-les-pins-nizza-frankreich\/\"},\"author\":{\"name\":\"Stanislav Perevoschikov\",\"@id\":\"https:\/\/artphotonics.com\/de\/#\/schema\/person\/128d234dbda7977dd07f21345b9c0939\"},\"headline\":\"Tag 1 der EPIC AGM 2026 | 28.-30. April 2026 | Juan-les-Pins, Nizza, Frankreich\",\"datePublished\":\"2026-04-28T08:07:29+00:00\",\"dateModified\":\"2026-04-28T08:07:30+00:00\",\"mainEntityOfPage\":{\"@id\":\"https:\/\/artphotonics.com\/de\/tag-1-der-epic-agm-2026-28-30-april-2026-juan-les-pins-nizza-frankreich\/\"},\"wordCount\":201,\"publisher\":{\"@id\":\"https:\/\/artphotonics.com\/de\/#organization\"},\"image\":{\"@id\":\"https:\/\/artphotonics.com\/de\/tag-1-der-epic-agm-2026-28-30-april-2026-juan-les-pins-nizza-frankreich\/#primaryimage\"},\"thumbnailUrl\":\"https:\/\/artphotonics.com\/wp-content\/uploads\/2026\/04\/IMG_1388cut-1-scaled.jpg\",\"articleSection\":[\"Unkategorisiert\"],\"inLanguage\":\"de\"},{\"@type\":\"WebPage\",\"@id\":\"https:\/\/artphotonics.com\/de\/tag-1-der-epic-agm-2026-28-30-april-2026-juan-les-pins-nizza-frankreich\/\",\"url\":\"https:\/\/artphotonics.com\/de\/tag-1-der-epic-agm-2026-28-30-april-2026-juan-les-pins-nizza-frankreich\/\",\"name\":\"Tag 1 der EPIC AGM 2026 | 28.-30. April 2026 | Juan-les-Pins, Nizza, Frankreich - art photonics\",\"isPartOf\":{\"@id\":\"https:\/\/artphotonics.com\/de\/#website\"},\"primaryImageOfPage\":{\"@id\":\"https:\/\/artphotonics.com\/de\/tag-1-der-epic-agm-2026-28-30-april-2026-juan-les-pins-nizza-frankreich\/#primaryimage\"},\"image\":{\"@id\":\"https:\/\/artphotonics.com\/de\/tag-1-der-epic-agm-2026-28-30-april-2026-juan-les-pins-nizza-frankreich\/#primaryimage\"},\"thumbnailUrl\":\"https:\/\/artphotonics.com\/wp-content\/uploads\/2026\/04\/IMG_1388cut-1-scaled.jpg\",\"datePublished\":\"2026-04-28T08:07:29+00:00\",\"dateModified\":\"2026-04-28T08:07:30+00:00\",\"breadcrumb\":{\"@id\":\"https:\/\/artphotonics.com\/de\/tag-1-der-epic-agm-2026-28-30-april-2026-juan-les-pins-nizza-frankreich\/#breadcrumb\"},\"inLanguage\":\"de\",\"potentialAction\":[{\"@type\":\"ReadAction\",\"target\":[\"https:\/\/artphotonics.com\/de\/tag-1-der-epic-agm-2026-28-30-april-2026-juan-les-pins-nizza-frankreich\/\"]}]},{\"@type\":\"ImageObject\",\"inLanguage\":\"de\",\"@id\":\"https:\/\/artphotonics.com\/de\/tag-1-der-epic-agm-2026-28-30-april-2026-juan-les-pins-nizza-frankreich\/#primaryimage\",\"url\":\"https:\/\/artphotonics.com\/wp-content\/uploads\/2026\/04\/IMG_1388cut-1-scaled.jpg\",\"contentUrl\":\"https:\/\/artphotonics.com\/wp-content\/uploads\/2026\/04\/IMG_1388cut-1-scaled.jpg\",\"width\":2560,\"height\":2405},{\"@type\":\"BreadcrumbList\",\"@id\":\"https:\/\/artphotonics.com\/de\/tag-1-der-epic-agm-2026-28-30-april-2026-juan-les-pins-nizza-frankreich\/#breadcrumb\",\"itemListElement\":[{\"@type\":\"ListItem\",\"position\":1,\"name\":\"Home\",\"item\":\"https:\/\/artphotonics.com\/de\/\"},{\"@type\":\"ListItem\",\"position\":2,\"name\":\"Tag 1 der EPIC AGM 2026 | 28.-30. April 2026 | Juan-les-Pins, Nizza, Frankreich\"}]},{\"@type\":\"WebSite\",\"@id\":\"https:\/\/artphotonics.com\/de\/#website\",\"url\":\"https:\/\/artphotonics.com\/de\/\",\"name\":\"art photonics\",\"description\":\"Worldwide Leader in Custom Fiber Products\",\"publisher\":{\"@id\":\"https:\/\/artphotonics.com\/de\/#organization\"},\"potentialAction\":[{\"@type\":\"SearchAction\",\"target\":{\"@type\":\"EntryPoint\",\"urlTemplate\":\"https:\/\/artphotonics.com\/de\/?s={search_term_string}\"},\"query-input\":{\"@type\":\"PropertyValueSpecification\",\"valueRequired\":true,\"valueName\":\"search_term_string\"}}],\"inLanguage\":\"de\"},{\"@type\":\"Organization\",\"@id\":\"https:\/\/artphotonics.com\/de\/#organization\",\"name\":\"art photonics GmbH\",\"url\":\"https:\/\/artphotonics.com\/de\/\",\"logo\":{\"@type\":\"ImageObject\",\"inLanguage\":\"de\",\"@id\":\"https:\/\/artphotonics.com\/de\/#\/schema\/logo\/image\/\",\"url\":\"https:\/\/artphotonics.com\/wp-content\/uploads\/2021\/03\/Art_photonics_logo_color.svg\",\"contentUrl\":\"https:\/\/artphotonics.com\/wp-content\/uploads\/2021\/03\/Art_photonics_logo_color.svg\",\"width\":582,\"height\":148,\"caption\":\"art photonics GmbH\"},\"image\":{\"@id\":\"https:\/\/artphotonics.com\/de\/#\/schema\/logo\/image\/\"}},{\"@type\":\"Person\",\"@id\":\"https:\/\/artphotonics.com\/de\/#\/schema\/person\/128d234dbda7977dd07f21345b9c0939\",\"name\":\"Stanislav Perevoschikov\",\"image\":{\"@type\":\"ImageObject\",\"inLanguage\":\"de\",\"@id\":\"https:\/\/artphotonics.com\/de\/#\/schema\/person\/image\/\",\"url\":\"https:\/\/secure.gravatar.com\/avatar\/a5d372f8443f35b14350f55916a77d52660845b45a1e67304b0f37ee857bd8f4?s=96&d=mm&r=g\",\"contentUrl\":\"https:\/\/secure.gravatar.com\/avatar\/a5d372f8443f35b14350f55916a77d52660845b45a1e67304b0f37ee857bd8f4?s=96&d=mm&r=g\",\"caption\":\"Stanislav Perevoschikov\"},\"url\":\"https:\/\/artphotonics.com\/de\"}]}<\/script>\n<!-- \/ Yoast SEO plugin. -->","yoast_head_json":{"title":"Tag 1 der EPIC AGM 2026 | 28.-30. April 2026 | Juan-les-Pins, Nizza, Frankreich - art photonics","robots":{"index":"index","follow":"follow","max-snippet":"max-snippet:-1","max-image-preview":"max-image-preview:large","max-video-preview":"max-video-preview:-1"},"canonical":"https:\/\/artphotonics.com\/de\/tag-1-der-epic-agm-2026-28-30-april-2026-juan-les-pins-nizza-frankreich\/","og_locale":"de_DE","og_type":"article","og_title":"Tag 1 der EPIC AGM 2026 | 28.-30. April 2026 | Juan-les-Pins, Nizza, Frankreich - art photonics","og_description":"Bonjour aus Juan-les-Pins! Tag 1 des EPIC AGM &amp; Summit 2026 ist da, und die art photonics GmbH ist bereit f\u00fcr eine unglaubliche Veranstaltung. Unsere CEO, Dr. Stefanie Foerster, hat bereits einige aufschlussreiche Gespr\u00e4che gef\u00fchrt und den Auftakt direkt an der Seite von Carlos Lee, dem Generaldirektor von EPIC, gemacht. Ein herzliches Dankesch\u00f6n geht an [&hellip;]","og_url":"https:\/\/artphotonics.com\/de\/tag-1-der-epic-agm-2026-28-30-april-2026-juan-les-pins-nizza-frankreich\/","og_site_name":"art photonics","article_published_time":"2026-04-28T08:07:29+00:00","article_modified_time":"2026-04-28T08:07:30+00:00","og_image":[{"width":2560,"height":2405,"url":"https:\/\/artphotonics.com\/wp-content\/uploads\/2026\/04\/IMG_1388cut-1-scaled.jpg","type":"image\/jpeg"}],"author":"Stanislav Perevoschikov","twitter_card":"summary_large_image","twitter_misc":{"Verfasst von":"Stanislav Perevoschikov","Gesch\u00e4tzte Lesezeit":"1\u00a0Minute"},"schema":{"@context":"https:\/\/schema.org","@graph":[{"@type":"Article","@id":"https:\/\/artphotonics.com\/de\/tag-1-der-epic-agm-2026-28-30-april-2026-juan-les-pins-nizza-frankreich\/#article","isPartOf":{"@id":"https:\/\/artphotonics.com\/de\/tag-1-der-epic-agm-2026-28-30-april-2026-juan-les-pins-nizza-frankreich\/"},"author":{"name":"Stanislav Perevoschikov","@id":"https:\/\/artphotonics.com\/de\/#\/schema\/person\/128d234dbda7977dd07f21345b9c0939"},"headline":"Tag 1 der EPIC AGM 2026 | 28.-30. April 2026 | Juan-les-Pins, Nizza, Frankreich","datePublished":"2026-04-28T08:07:29+00:00","dateModified":"2026-04-28T08:07:30+00:00","mainEntityOfPage":{"@id":"https:\/\/artphotonics.com\/de\/tag-1-der-epic-agm-2026-28-30-april-2026-juan-les-pins-nizza-frankreich\/"},"wordCount":201,"publisher":{"@id":"https:\/\/artphotonics.com\/de\/#organization"},"image":{"@id":"https:\/\/artphotonics.com\/de\/tag-1-der-epic-agm-2026-28-30-april-2026-juan-les-pins-nizza-frankreich\/#primaryimage"},"thumbnailUrl":"https:\/\/artphotonics.com\/wp-content\/uploads\/2026\/04\/IMG_1388cut-1-scaled.jpg","articleSection":["Unkategorisiert"],"inLanguage":"de"},{"@type":"WebPage","@id":"https:\/\/artphotonics.com\/de\/tag-1-der-epic-agm-2026-28-30-april-2026-juan-les-pins-nizza-frankreich\/","url":"https:\/\/artphotonics.com\/de\/tag-1-der-epic-agm-2026-28-30-april-2026-juan-les-pins-nizza-frankreich\/","name":"Tag 1 der EPIC AGM 2026 | 28.-30. April 2026 | Juan-les-Pins, Nizza, Frankreich - art photonics","isPartOf":{"@id":"https:\/\/artphotonics.com\/de\/#website"},"primaryImageOfPage":{"@id":"https:\/\/artphotonics.com\/de\/tag-1-der-epic-agm-2026-28-30-april-2026-juan-les-pins-nizza-frankreich\/#primaryimage"},"image":{"@id":"https:\/\/artphotonics.com\/de\/tag-1-der-epic-agm-2026-28-30-april-2026-juan-les-pins-nizza-frankreich\/#primaryimage"},"thumbnailUrl":"https:\/\/artphotonics.com\/wp-content\/uploads\/2026\/04\/IMG_1388cut-1-scaled.jpg","datePublished":"2026-04-28T08:07:29+00:00","dateModified":"2026-04-28T08:07:30+00:00","breadcrumb":{"@id":"https:\/\/artphotonics.com\/de\/tag-1-der-epic-agm-2026-28-30-april-2026-juan-les-pins-nizza-frankreich\/#breadcrumb"},"inLanguage":"de","potentialAction":[{"@type":"ReadAction","target":["https:\/\/artphotonics.com\/de\/tag-1-der-epic-agm-2026-28-30-april-2026-juan-les-pins-nizza-frankreich\/"]}]},{"@type":"ImageObject","inLanguage":"de","@id":"https:\/\/artphotonics.com\/de\/tag-1-der-epic-agm-2026-28-30-april-2026-juan-les-pins-nizza-frankreich\/#primaryimage","url":"https:\/\/artphotonics.com\/wp-content\/uploads\/2026\/04\/IMG_1388cut-1-scaled.jpg","contentUrl":"https:\/\/artphotonics.com\/wp-content\/uploads\/2026\/04\/IMG_1388cut-1-scaled.jpg","width":2560,"height":2405},{"@type":"BreadcrumbList","@id":"https:\/\/artphotonics.com\/de\/tag-1-der-epic-agm-2026-28-30-april-2026-juan-les-pins-nizza-frankreich\/#breadcrumb","itemListElement":[{"@type":"ListItem","position":1,"name":"Home","item":"https:\/\/artphotonics.com\/de\/"},{"@type":"ListItem","position":2,"name":"Tag 1 der EPIC AGM 2026 | 28.-30. April 2026 | Juan-les-Pins, Nizza, Frankreich"}]},{"@type":"WebSite","@id":"https:\/\/artphotonics.com\/de\/#website","url":"https:\/\/artphotonics.com\/de\/","name":"art photonics","description":"Worldwide Leader in Custom Fiber Products","publisher":{"@id":"https:\/\/artphotonics.com\/de\/#organization"},"potentialAction":[{"@type":"SearchAction","target":{"@type":"EntryPoint","urlTemplate":"https:\/\/artphotonics.com\/de\/?s={search_term_string}"},"query-input":{"@type":"PropertyValueSpecification","valueRequired":true,"valueName":"search_term_string"}}],"inLanguage":"de"},{"@type":"Organization","@id":"https:\/\/artphotonics.com\/de\/#organization","name":"art photonics GmbH","url":"https:\/\/artphotonics.com\/de\/","logo":{"@type":"ImageObject","inLanguage":"de","@id":"https:\/\/artphotonics.com\/de\/#\/schema\/logo\/image\/","url":"https:\/\/artphotonics.com\/wp-content\/uploads\/2021\/03\/Art_photonics_logo_color.svg","contentUrl":"https:\/\/artphotonics.com\/wp-content\/uploads\/2021\/03\/Art_photonics_logo_color.svg","width":582,"height":148,"caption":"art photonics GmbH"},"image":{"@id":"https:\/\/artphotonics.com\/de\/#\/schema\/logo\/image\/"}},{"@type":"Person","@id":"https:\/\/artphotonics.com\/de\/#\/schema\/person\/128d234dbda7977dd07f21345b9c0939","name":"Stanislav Perevoschikov","image":{"@type":"ImageObject","inLanguage":"de","@id":"https:\/\/artphotonics.com\/de\/#\/schema\/person\/image\/","url":"https:\/\/secure.gravatar.com\/avatar\/a5d372f8443f35b14350f55916a77d52660845b45a1e67304b0f37ee857bd8f4?s=96&d=mm&r=g","contentUrl":"https:\/\/secure.gravatar.com\/avatar\/a5d372f8443f35b14350f55916a77d52660845b45a1e67304b0f37ee857bd8f4?s=96&d=mm&r=g","caption":"Stanislav Perevoschikov"},"url":"https:\/\/artphotonics.com\/de"}]}},"_links":{"self":[{"href":"https:\/\/artphotonics.com\/de\/wp-json\/wp\/v2\/posts\/5287","targetHints":{"allow":["GET"]}}],"collection":[{"href":"https:\/\/artphotonics.com\/de\/wp-json\/wp\/v2\/posts"}],"about":[{"href":"https:\/\/artphotonics.com\/de\/wp-json\/wp\/v2\/types\/post"}],"author":[{"embeddable":true,"href":"https:\/\/artphotonics.com\/de\/wp-json\/wp\/v2\/users\/11"}],"replies":[{"embeddable":true,"href":"https:\/\/artphotonics.com\/de\/wp-json\/wp\/v2\/comments?post=5287"}],"version-history":[{"count":1,"href":"https:\/\/artphotonics.com\/de\/wp-json\/wp\/v2\/posts\/5287\/revisions"}],"predecessor-version":[{"id":5289,"href":"https:\/\/artphotonics.com\/de\/wp-json\/wp\/v2\/posts\/5287\/revisions\/5289"}],"wp:featuredmedia":[{"embeddable":true,"href":"https:\/\/artphotonics.com\/de\/wp-json\/wp\/v2\/media\/5288"}],"wp:attachment":[{"href":"https:\/\/artphotonics.com\/de\/wp-json\/wp\/v2\/media?parent=5287"}],"wp:term":[{"taxonomy":"category","embeddable":true,"href":"https:\/\/artphotonics.com\/de\/wp-json\/wp\/v2\/categories?post=5287"},{"taxonomy":"post_tag","embeddable":true,"href":"https:\/\/artphotonics.com\/de\/wp-json\/wp\/v2\/tags?post=5287"}],"curies":[{"name":"wp","href":"https:\/\/api.w.org\/{rel}","templated":true}]}}