{"id":3343,"date":"2023-09-04T12:55:52","date_gmt":"2023-09-04T10:55:52","guid":{"rendered":"https:\/\/artphotonics.com\/?p=3343"},"modified":"2023-09-04T12:55:55","modified_gmt":"2023-09-04T10:55:55","slug":"innovative-faseroptische-raman-nadel-sonde-zur-tumordarstellung-in-der-mundhoehle","status":"publish","type":"post","link":"https:\/\/artphotonics.com\/de\/innovative-faseroptische-raman-nadel-sonde-zur-tumordarstellung-in-der-mundhoehle\/","title":{"rendered":"Innovative faseroptische \"Raman-Nadel\"-Sonde zur Tumordarstellung in der Mundh\u00f6hle"},"content":{"rendered":"\n<p>Hier berichten wir \u00fcber die Entwicklung einer neuen \"Raman-Nadel\"-Fasersonde, die im Rahmen des vom EU-Programm \"Eurostars\" finanzierten RaSure-Projekts entworfen und hergestellt wurde.<\/p>\n\n\n\n<p>\u00dcber das RaSure-Projekt:<\/p>\n\n\n\n<p>Mundh\u00f6hlenkrebs ist mit j\u00e4hrlich 300.000 neuen F\u00e4llen ein wichtiges Problem der \u00f6ffentlichen Gesundheit. Die Chirurgie ist die Hauptst\u00fctze der Behandlung, aber in 85 % der F\u00e4lle wird keine ausreichende Tumorentfernung erreicht. Dies wirkt sich auf die \u00dcberlebenschancen aus und f\u00fchrt zu einer zus\u00e4tzlichen Behandlung der Patienten durch Strahlen- oder Chemotherapie. Die H\u00e4nde und Augen des Chirurgen sind f\u00fcr die Tumorentfernung in der Mundh\u00f6hle nicht ausreichend. Um die chirurgische Erfolgsquote zu erh\u00f6hen, sind erhebliche Verbesserungen erforderlich. Im Rahmen von RaSure wird derzeit ein vollautomatisches Raman-spektroskopisches Ger\u00e4t entwickelt, das eine vollst\u00e4ndige Tumorentfernung bei chirurgischen Eingriffen in der Mundh\u00f6hle erm\u00f6glicht. Das Produkt wird aus einem speziellen Raman-basierten Gewebeuntersuchungsger\u00e4t, dem operativen System und faseroptischen Einweg-Nadelsonden bestehen.<\/p>\n\n\n\n<p>Das Konsortium, dem die drei Unternehmen art photonics GmbH, RiverD International BV und Erasmus MC angeh\u00f6ren, hatte die Aufgabe, ein vollautomatisches Raman-Spektroskopieger\u00e4t zu entwickeln, das Chirurgen bei Krebsoperationen in der Mundh\u00f6hle helfen soll, den Tumor vollst\u00e4ndig zu entfernen. Das Ger\u00e4t inspiziert das entfernte Gewebe, um zu pr\u00fcfen, ob der Tumor w\u00e4hrend der Operation mit einem ausreichenden Rand gesunden Gewebes entfernt wurde. Ist dies nicht der Fall, informiert das Ger\u00e4t den Chirurgen, wo zus\u00e4tzliches Gewebe entfernt werden sollte, um eine vollst\u00e4ndige Tumorentfernung zu erreichen. Die Aufgabe der art photonics GmbH ist die Entwicklung der einzigartigen Einweg-Raman-Nadelfasersonde, die mehrfach in das Gewebe eingef\u00fchrt werden kann und ohne Qualit\u00e4tsverlust der Ergebnisse misst.<\/p>\n\n\n\n<p>Die innovative Nadelsonde erf\u00fcllt die strengen Anforderungen der Kliniker: kleiner Durchmesser (weniger als 1 mm), biokompatible Materialien und Robustheit. Dank der oben genannten Merkmale kann die Raman-Sonde mehrfach in die Gewebeprobe eingef\u00fchrt werden. Die Prototypen der Raman-Nadelsonde wurden zusammen mit den Konsortialpartnern im Erasmus MD und in der Charit\u00e9 im Operationssaal ausgiebig getestet. Die Prototypen wurden an frisch resezierten menschlichen Zungenproben getestet und zeigten eine zuverl\u00e4ssige Leistung bei der Erkennung von Krebs- und Nicht-Krebs-Proben. Die Unterscheidung zwischen Tumor (T) und normalem (N) Zungenteil ist sowohl in den Raman-Spektren als auch in den PCA-Modellen deutlich erkennbar. Die Ergebnisse stimmen perfekt mit den vom Chirurgen erhaltenen Informationen \u00fcberein.<\/p>\n\n\n\n<figure class=\"wp-block-image size-full\"><img loading=\"lazy\" decoding=\"async\" width=\"540\" height=\"241\" src=\"https:\/\/artphotonics.com\/wp-content\/uploads\/2021\/04\/Oral_1-540x241-1.png\" alt=\"\" class=\"wp-image-298\" srcset=\"https:\/\/artphotonics.com\/wp-content\/uploads\/2021\/04\/Oral_1-540x241-1.png 540w, https:\/\/artphotonics.com\/wp-content\/uploads\/2021\/04\/Oral_1-540x241-1-300x134.png 300w\" sizes=\"auto, (max-width: 540px) 100vw, 540px\" \/><\/figure>\n","protected":false},"excerpt":{"rendered":"<p>Hier berichten wir \u00fcber die Entwicklung einer neuen \"Raman-Nadel\"-Fasersonde, die im Rahmen des vom EU-Programm \"Eurostars\" finanzierten RaSure-Projekts entworfen und hergestellt wurde. \u00dcber das RaSure-Projekt: Mundh\u00f6hlenkrebs ist mit j\u00e4hrlich 300.000 neuen F\u00e4llen ein wichtiges Problem der \u00f6ffentlichen Gesundheit. Die Chirurgie ist die Hauptst\u00fctze der Behandlung, aber in 85 % der F\u00e4lle wird keine ausreichende Tumorentfernung [&hellip;]<\/p>\n","protected":false},"author":11,"featured_media":302,"comment_status":"open","ping_status":"open","sticky":false,"template":"","format":"standard","meta":{"footnotes":""},"categories":[101],"tags":[],"class_list":["post-3343","post","type-post","status-publish","format-standard","has-post-thumbnail","hentry","category-news-de"],"yoast_head":"<!-- This site is optimized with the Yoast SEO plugin v26.1.1 - https:\/\/yoast.com\/wordpress\/plugins\/seo\/ -->\n<title>Innovative faseroptische &quot;Raman-Nadel&quot;-Sonde zur Tumordarstellung in der Mundh\u00f6hle - art photonics<\/title>\n<meta name=\"robots\" content=\"index, follow, max-snippet:-1, max-image-preview:large, max-video-preview:-1\" \/>\n<link rel=\"canonical\" href=\"https:\/\/artphotonics.com\/de\/innovative-faseroptische-raman-nadel-sonde-zur-tumordarstellung-in-der-mundhoehle\/\" \/>\n<meta property=\"og:locale\" content=\"de_DE\" \/>\n<meta property=\"og:type\" content=\"article\" \/>\n<meta property=\"og:title\" content=\"Innovative faseroptische &quot;Raman-Nadel&quot;-Sonde zur Tumordarstellung in der Mundh\u00f6hle - art photonics\" \/>\n<meta property=\"og:description\" content=\"Hier berichten wir \u00fcber die Entwicklung einer neuen &quot;Raman-Nadel&quot;-Fasersonde, die im Rahmen des vom EU-Programm &quot;Eurostars&quot; finanzierten RaSure-Projekts entworfen und hergestellt wurde. \u00dcber das RaSure-Projekt: Mundh\u00f6hlenkrebs ist mit j\u00e4hrlich 300.000 neuen F\u00e4llen ein wichtiges Problem der \u00f6ffentlichen Gesundheit. Die Chirurgie ist die Hauptst\u00fctze der Behandlung, aber in 85 % der F\u00e4lle wird keine ausreichende Tumorentfernung [&hellip;]\" \/>\n<meta property=\"og:url\" content=\"https:\/\/artphotonics.com\/de\/innovative-faseroptische-raman-nadel-sonde-zur-tumordarstellung-in-der-mundhoehle\/\" \/>\n<meta property=\"og:site_name\" content=\"art photonics\" \/>\n<meta property=\"article:published_time\" content=\"2023-09-04T10:55:52+00:00\" \/>\n<meta property=\"article:modified_time\" content=\"2023-09-04T10:55:55+00:00\" \/>\n<meta property=\"og:image\" content=\"https:\/\/artphotonics.com\/wp-content\/uploads\/2021\/04\/Oral2.jpg\" \/>\n\t<meta property=\"og:image:width\" content=\"300\" \/>\n\t<meta property=\"og:image:height\" content=\"287\" \/>\n\t<meta property=\"og:image:type\" content=\"image\/jpeg\" \/>\n<meta name=\"author\" content=\"Stanislav Perevoschikov\" \/>\n<meta name=\"twitter:card\" content=\"summary_large_image\" \/>\n<meta name=\"twitter:label1\" content=\"Verfasst von\" \/>\n\t<meta name=\"twitter:data1\" content=\"Stanislav Perevoschikov\" \/>\n\t<meta name=\"twitter:label2\" content=\"Gesch\u00e4tzte Lesezeit\" \/>\n\t<meta name=\"twitter:data2\" content=\"2\u00a0Minuten\" \/>\n<script type=\"application\/ld+json\" class=\"yoast-schema-graph\">{\"@context\":\"https:\/\/schema.org\",\"@graph\":[{\"@type\":\"Article\",\"@id\":\"https:\/\/artphotonics.com\/de\/innovative-faseroptische-raman-nadel-sonde-zur-tumordarstellung-in-der-mundhoehle\/#article\",\"isPartOf\":{\"@id\":\"https:\/\/artphotonics.com\/de\/innovative-faseroptische-raman-nadel-sonde-zur-tumordarstellung-in-der-mundhoehle\/\"},\"author\":{\"name\":\"Stanislav Perevoschikov\",\"@id\":\"https:\/\/artphotonics.com\/de\/#\/schema\/person\/128d234dbda7977dd07f21345b9c0939\"},\"headline\":\"Innovative faseroptische \\\"Raman-Nadel\\\"-Sonde zur Tumordarstellung in der Mundh\u00f6hle\",\"datePublished\":\"2023-09-04T10:55:52+00:00\",\"dateModified\":\"2023-09-04T10:55:55+00:00\",\"mainEntityOfPage\":{\"@id\":\"https:\/\/artphotonics.com\/de\/innovative-faseroptische-raman-nadel-sonde-zur-tumordarstellung-in-der-mundhoehle\/\"},\"wordCount\":390,\"commentCount\":0,\"publisher\":{\"@id\":\"https:\/\/artphotonics.com\/de\/#organization\"},\"image\":{\"@id\":\"https:\/\/artphotonics.com\/de\/innovative-faseroptische-raman-nadel-sonde-zur-tumordarstellung-in-der-mundhoehle\/#primaryimage\"},\"thumbnailUrl\":\"https:\/\/artphotonics.com\/wp-content\/uploads\/2021\/04\/Oral2.jpg\",\"articleSection\":[\"News\"],\"inLanguage\":\"de\",\"potentialAction\":[{\"@type\":\"CommentAction\",\"name\":\"Comment\",\"target\":[\"https:\/\/artphotonics.com\/de\/innovative-faseroptische-raman-nadel-sonde-zur-tumordarstellung-in-der-mundhoehle\/#respond\"]}]},{\"@type\":\"WebPage\",\"@id\":\"https:\/\/artphotonics.com\/de\/innovative-faseroptische-raman-nadel-sonde-zur-tumordarstellung-in-der-mundhoehle\/\",\"url\":\"https:\/\/artphotonics.com\/de\/innovative-faseroptische-raman-nadel-sonde-zur-tumordarstellung-in-der-mundhoehle\/\",\"name\":\"Innovative faseroptische \\\"Raman-Nadel\\\"-Sonde zur Tumordarstellung in der Mundh\u00f6hle - art photonics\",\"isPartOf\":{\"@id\":\"https:\/\/artphotonics.com\/de\/#website\"},\"primaryImageOfPage\":{\"@id\":\"https:\/\/artphotonics.com\/de\/innovative-faseroptische-raman-nadel-sonde-zur-tumordarstellung-in-der-mundhoehle\/#primaryimage\"},\"image\":{\"@id\":\"https:\/\/artphotonics.com\/de\/innovative-faseroptische-raman-nadel-sonde-zur-tumordarstellung-in-der-mundhoehle\/#primaryimage\"},\"thumbnailUrl\":\"https:\/\/artphotonics.com\/wp-content\/uploads\/2021\/04\/Oral2.jpg\",\"datePublished\":\"2023-09-04T10:55:52+00:00\",\"dateModified\":\"2023-09-04T10:55:55+00:00\",\"breadcrumb\":{\"@id\":\"https:\/\/artphotonics.com\/de\/innovative-faseroptische-raman-nadel-sonde-zur-tumordarstellung-in-der-mundhoehle\/#breadcrumb\"},\"inLanguage\":\"de\",\"potentialAction\":[{\"@type\":\"ReadAction\",\"target\":[\"https:\/\/artphotonics.com\/de\/innovative-faseroptische-raman-nadel-sonde-zur-tumordarstellung-in-der-mundhoehle\/\"]}]},{\"@type\":\"ImageObject\",\"inLanguage\":\"de\",\"@id\":\"https:\/\/artphotonics.com\/de\/innovative-faseroptische-raman-nadel-sonde-zur-tumordarstellung-in-der-mundhoehle\/#primaryimage\",\"url\":\"https:\/\/artphotonics.com\/wp-content\/uploads\/2021\/04\/Oral2.jpg\",\"contentUrl\":\"https:\/\/artphotonics.com\/wp-content\/uploads\/2021\/04\/Oral2.jpg\",\"width\":300,\"height\":287},{\"@type\":\"BreadcrumbList\",\"@id\":\"https:\/\/artphotonics.com\/de\/innovative-faseroptische-raman-nadel-sonde-zur-tumordarstellung-in-der-mundhoehle\/#breadcrumb\",\"itemListElement\":[{\"@type\":\"ListItem\",\"position\":1,\"name\":\"Home\",\"item\":\"https:\/\/artphotonics.com\/de\/\"},{\"@type\":\"ListItem\",\"position\":2,\"name\":\"Innovative faseroptische \\\"Raman-Nadel\\\"-Sonde zur Tumordarstellung in der Mundh\u00f6hle\"}]},{\"@type\":\"WebSite\",\"@id\":\"https:\/\/artphotonics.com\/de\/#website\",\"url\":\"https:\/\/artphotonics.com\/de\/\",\"name\":\"art photonics\",\"description\":\"Worldwide Leader in Custom Fiber Products\",\"publisher\":{\"@id\":\"https:\/\/artphotonics.com\/de\/#organization\"},\"potentialAction\":[{\"@type\":\"SearchAction\",\"target\":{\"@type\":\"EntryPoint\",\"urlTemplate\":\"https:\/\/artphotonics.com\/de\/?s={search_term_string}\"},\"query-input\":{\"@type\":\"PropertyValueSpecification\",\"valueRequired\":true,\"valueName\":\"search_term_string\"}}],\"inLanguage\":\"de\"},{\"@type\":\"Organization\",\"@id\":\"https:\/\/artphotonics.com\/de\/#organization\",\"name\":\"art photonics GmbH\",\"url\":\"https:\/\/artphotonics.com\/de\/\",\"logo\":{\"@type\":\"ImageObject\",\"inLanguage\":\"de\",\"@id\":\"https:\/\/artphotonics.com\/de\/#\/schema\/logo\/image\/\",\"url\":\"https:\/\/artphotonics.com\/wp-content\/uploads\/2021\/03\/Art_photonics_logo_color.svg\",\"contentUrl\":\"https:\/\/artphotonics.com\/wp-content\/uploads\/2021\/03\/Art_photonics_logo_color.svg\",\"width\":582,\"height\":148,\"caption\":\"art photonics GmbH\"},\"image\":{\"@id\":\"https:\/\/artphotonics.com\/de\/#\/schema\/logo\/image\/\"}},{\"@type\":\"Person\",\"@id\":\"https:\/\/artphotonics.com\/de\/#\/schema\/person\/128d234dbda7977dd07f21345b9c0939\",\"name\":\"Stanislav Perevoschikov\",\"image\":{\"@type\":\"ImageObject\",\"inLanguage\":\"de\",\"@id\":\"https:\/\/artphotonics.com\/de\/#\/schema\/person\/image\/\",\"url\":\"https:\/\/secure.gravatar.com\/avatar\/a5d372f8443f35b14350f55916a77d52660845b45a1e67304b0f37ee857bd8f4?s=96&d=mm&r=g\",\"contentUrl\":\"https:\/\/secure.gravatar.com\/avatar\/a5d372f8443f35b14350f55916a77d52660845b45a1e67304b0f37ee857bd8f4?s=96&d=mm&r=g\",\"caption\":\"Stanislav Perevoschikov\"},\"url\":\"https:\/\/artphotonics.com\/de\"}]}<\/script>\n<!-- \/ Yoast SEO plugin. -->","yoast_head_json":{"title":"Innovative faseroptische \"Raman-Nadel\"-Sonde zur Tumordarstellung in der Mundh\u00f6hle - art photonics","robots":{"index":"index","follow":"follow","max-snippet":"max-snippet:-1","max-image-preview":"max-image-preview:large","max-video-preview":"max-video-preview:-1"},"canonical":"https:\/\/artphotonics.com\/de\/innovative-faseroptische-raman-nadel-sonde-zur-tumordarstellung-in-der-mundhoehle\/","og_locale":"de_DE","og_type":"article","og_title":"Innovative faseroptische \"Raman-Nadel\"-Sonde zur Tumordarstellung in der Mundh\u00f6hle - art photonics","og_description":"Hier berichten wir \u00fcber die Entwicklung einer neuen \"Raman-Nadel\"-Fasersonde, die im Rahmen des vom EU-Programm \"Eurostars\" finanzierten RaSure-Projekts entworfen und hergestellt wurde. \u00dcber das RaSure-Projekt: Mundh\u00f6hlenkrebs ist mit j\u00e4hrlich 300.000 neuen F\u00e4llen ein wichtiges Problem der \u00f6ffentlichen Gesundheit. Die Chirurgie ist die Hauptst\u00fctze der Behandlung, aber in 85 % der F\u00e4lle wird keine ausreichende Tumorentfernung [&hellip;]","og_url":"https:\/\/artphotonics.com\/de\/innovative-faseroptische-raman-nadel-sonde-zur-tumordarstellung-in-der-mundhoehle\/","og_site_name":"art photonics","article_published_time":"2023-09-04T10:55:52+00:00","article_modified_time":"2023-09-04T10:55:55+00:00","og_image":[{"width":300,"height":287,"url":"https:\/\/artphotonics.com\/wp-content\/uploads\/2021\/04\/Oral2.jpg","type":"image\/jpeg"}],"author":"Stanislav Perevoschikov","twitter_card":"summary_large_image","twitter_misc":{"Verfasst von":"Stanislav Perevoschikov","Gesch\u00e4tzte Lesezeit":"2\u00a0Minuten"},"schema":{"@context":"https:\/\/schema.org","@graph":[{"@type":"Article","@id":"https:\/\/artphotonics.com\/de\/innovative-faseroptische-raman-nadel-sonde-zur-tumordarstellung-in-der-mundhoehle\/#article","isPartOf":{"@id":"https:\/\/artphotonics.com\/de\/innovative-faseroptische-raman-nadel-sonde-zur-tumordarstellung-in-der-mundhoehle\/"},"author":{"name":"Stanislav Perevoschikov","@id":"https:\/\/artphotonics.com\/de\/#\/schema\/person\/128d234dbda7977dd07f21345b9c0939"},"headline":"Innovative faseroptische \"Raman-Nadel\"-Sonde zur Tumordarstellung in der Mundh\u00f6hle","datePublished":"2023-09-04T10:55:52+00:00","dateModified":"2023-09-04T10:55:55+00:00","mainEntityOfPage":{"@id":"https:\/\/artphotonics.com\/de\/innovative-faseroptische-raman-nadel-sonde-zur-tumordarstellung-in-der-mundhoehle\/"},"wordCount":390,"commentCount":0,"publisher":{"@id":"https:\/\/artphotonics.com\/de\/#organization"},"image":{"@id":"https:\/\/artphotonics.com\/de\/innovative-faseroptische-raman-nadel-sonde-zur-tumordarstellung-in-der-mundhoehle\/#primaryimage"},"thumbnailUrl":"https:\/\/artphotonics.com\/wp-content\/uploads\/2021\/04\/Oral2.jpg","articleSection":["News"],"inLanguage":"de","potentialAction":[{"@type":"CommentAction","name":"Comment","target":["https:\/\/artphotonics.com\/de\/innovative-faseroptische-raman-nadel-sonde-zur-tumordarstellung-in-der-mundhoehle\/#respond"]}]},{"@type":"WebPage","@id":"https:\/\/artphotonics.com\/de\/innovative-faseroptische-raman-nadel-sonde-zur-tumordarstellung-in-der-mundhoehle\/","url":"https:\/\/artphotonics.com\/de\/innovative-faseroptische-raman-nadel-sonde-zur-tumordarstellung-in-der-mundhoehle\/","name":"Innovative faseroptische \"Raman-Nadel\"-Sonde zur Tumordarstellung in der Mundh\u00f6hle - art photonics","isPartOf":{"@id":"https:\/\/artphotonics.com\/de\/#website"},"primaryImageOfPage":{"@id":"https:\/\/artphotonics.com\/de\/innovative-faseroptische-raman-nadel-sonde-zur-tumordarstellung-in-der-mundhoehle\/#primaryimage"},"image":{"@id":"https:\/\/artphotonics.com\/de\/innovative-faseroptische-raman-nadel-sonde-zur-tumordarstellung-in-der-mundhoehle\/#primaryimage"},"thumbnailUrl":"https:\/\/artphotonics.com\/wp-content\/uploads\/2021\/04\/Oral2.jpg","datePublished":"2023-09-04T10:55:52+00:00","dateModified":"2023-09-04T10:55:55+00:00","breadcrumb":{"@id":"https:\/\/artphotonics.com\/de\/innovative-faseroptische-raman-nadel-sonde-zur-tumordarstellung-in-der-mundhoehle\/#breadcrumb"},"inLanguage":"de","potentialAction":[{"@type":"ReadAction","target":["https:\/\/artphotonics.com\/de\/innovative-faseroptische-raman-nadel-sonde-zur-tumordarstellung-in-der-mundhoehle\/"]}]},{"@type":"ImageObject","inLanguage":"de","@id":"https:\/\/artphotonics.com\/de\/innovative-faseroptische-raman-nadel-sonde-zur-tumordarstellung-in-der-mundhoehle\/#primaryimage","url":"https:\/\/artphotonics.com\/wp-content\/uploads\/2021\/04\/Oral2.jpg","contentUrl":"https:\/\/artphotonics.com\/wp-content\/uploads\/2021\/04\/Oral2.jpg","width":300,"height":287},{"@type":"BreadcrumbList","@id":"https:\/\/artphotonics.com\/de\/innovative-faseroptische-raman-nadel-sonde-zur-tumordarstellung-in-der-mundhoehle\/#breadcrumb","itemListElement":[{"@type":"ListItem","position":1,"name":"Home","item":"https:\/\/artphotonics.com\/de\/"},{"@type":"ListItem","position":2,"name":"Innovative faseroptische \"Raman-Nadel\"-Sonde zur Tumordarstellung in der Mundh\u00f6hle"}]},{"@type":"WebSite","@id":"https:\/\/artphotonics.com\/de\/#website","url":"https:\/\/artphotonics.com\/de\/","name":"art photonics","description":"Worldwide Leader in Custom Fiber Products","publisher":{"@id":"https:\/\/artphotonics.com\/de\/#organization"},"potentialAction":[{"@type":"SearchAction","target":{"@type":"EntryPoint","urlTemplate":"https:\/\/artphotonics.com\/de\/?s={search_term_string}"},"query-input":{"@type":"PropertyValueSpecification","valueRequired":true,"valueName":"search_term_string"}}],"inLanguage":"de"},{"@type":"Organization","@id":"https:\/\/artphotonics.com\/de\/#organization","name":"art photonics GmbH","url":"https:\/\/artphotonics.com\/de\/","logo":{"@type":"ImageObject","inLanguage":"de","@id":"https:\/\/artphotonics.com\/de\/#\/schema\/logo\/image\/","url":"https:\/\/artphotonics.com\/wp-content\/uploads\/2021\/03\/Art_photonics_logo_color.svg","contentUrl":"https:\/\/artphotonics.com\/wp-content\/uploads\/2021\/03\/Art_photonics_logo_color.svg","width":582,"height":148,"caption":"art photonics GmbH"},"image":{"@id":"https:\/\/artphotonics.com\/de\/#\/schema\/logo\/image\/"}},{"@type":"Person","@id":"https:\/\/artphotonics.com\/de\/#\/schema\/person\/128d234dbda7977dd07f21345b9c0939","name":"Stanislav Perevoschikov","image":{"@type":"ImageObject","inLanguage":"de","@id":"https:\/\/artphotonics.com\/de\/#\/schema\/person\/image\/","url":"https:\/\/secure.gravatar.com\/avatar\/a5d372f8443f35b14350f55916a77d52660845b45a1e67304b0f37ee857bd8f4?s=96&d=mm&r=g","contentUrl":"https:\/\/secure.gravatar.com\/avatar\/a5d372f8443f35b14350f55916a77d52660845b45a1e67304b0f37ee857bd8f4?s=96&d=mm&r=g","caption":"Stanislav Perevoschikov"},"url":"https:\/\/artphotonics.com\/de"}]}},"_links":{"self":[{"href":"https:\/\/artphotonics.com\/de\/wp-json\/wp\/v2\/posts\/3343","targetHints":{"allow":["GET"]}}],"collection":[{"href":"https:\/\/artphotonics.com\/de\/wp-json\/wp\/v2\/posts"}],"about":[{"href":"https:\/\/artphotonics.com\/de\/wp-json\/wp\/v2\/types\/post"}],"author":[{"embeddable":true,"href":"https:\/\/artphotonics.com\/de\/wp-json\/wp\/v2\/users\/11"}],"replies":[{"embeddable":true,"href":"https:\/\/artphotonics.com\/de\/wp-json\/wp\/v2\/comments?post=3343"}],"version-history":[{"count":1,"href":"https:\/\/artphotonics.com\/de\/wp-json\/wp\/v2\/posts\/3343\/revisions"}],"predecessor-version":[{"id":3346,"href":"https:\/\/artphotonics.com\/de\/wp-json\/wp\/v2\/posts\/3343\/revisions\/3346"}],"wp:featuredmedia":[{"embeddable":true,"href":"https:\/\/artphotonics.com\/de\/wp-json\/wp\/v2\/media\/302"}],"wp:attachment":[{"href":"https:\/\/artphotonics.com\/de\/wp-json\/wp\/v2\/media?parent=3343"}],"wp:term":[{"taxonomy":"category","embeddable":true,"href":"https:\/\/artphotonics.com\/de\/wp-json\/wp\/v2\/categories?post=3343"},{"taxonomy":"post_tag","embeddable":true,"href":"https:\/\/artphotonics.com\/de\/wp-json\/wp\/v2\/tags?post=3343"}],"curies":[{"name":"wp","href":"https:\/\/api.w.org\/{rel}","templated":true}]}}