{"id":3330,"date":"2023-09-04T12:18:02","date_gmt":"2023-09-04T10:18:02","guid":{"rendered":"https:\/\/artphotonics.com\/?p=3330"},"modified":"2023-09-04T12:18:04","modified_gmt":"2023-09-04T10:18:04","slug":"einladung-zu-unserem-stand-b3-234-auf-der-laser-world-of-photonics-2019","status":"publish","type":"post","link":"https:\/\/artphotonics.com\/de\/einladung-zu-unserem-stand-b3-234-auf-der-laser-world-of-photonics-2019\/","title":{"rendered":"Einladung zu unserem Stand B3.234 auf der Laser World of Photonics 2019"},"content":{"rendered":"\n<p>Liebe Kolleginnen und Kollegen,<\/p>\n\n\n\n<p>Sie sind herzlich eingeladen, unseren Stand B3.234 w\u00e4hrend der Laser World of Photonics 2019 zu besuchen, die vom 24. bis 27. Juni 2019 in der Messe M\u00fcnchen stattfindet.<\/p>\n\n\n\n<p>Wir laden Sie ein, unsere beiden Weltpremieren zu besuchen: Mid-IR-Fasersonden, die mit Quantenkaskadenlaser und MCT-Detektor gekoppelt sind, und Faserkabel f\u00fcr die hohe Leistungs\u00fcbertragung von CO- &amp; CO\u2082-Lasern. Sie werden auf unserem Stand zusammen mit einer breiten Palette unserer einzigartigen Laserkabel und Faserb\u00fcndel pr\u00e4sentiert - um die besten Faserl\u00f6sungen f\u00fcr ein breites Spektrum von 0,3 bis 16 \u00b5m zu erm\u00f6glichen.<\/p>\n\n\n\n<p>Nehmen Sie Kontakt mit uns auf und schildern Sie uns Ihre Bed\u00fcrfnisse - wir helfen Ihnen gerne dabei, die beste Konfiguration f\u00fcr Ihre Anwendungen zu finden. Sie k\u00f6nnen ein Treffen mit uns vereinbaren, indem Sie sich an info@artphotonics.de wenden.<\/p>\n","protected":false},"excerpt":{"rendered":"<p>Liebe Kolleginnen und Kollegen, Sie sind herzlich eingeladen, unseren Stand B3.234 w\u00e4hrend der Laser World of Photonics 2019 zu besuchen, die vom 24. bis 27. Juni 2019 in der Messe M\u00fcnchen stattfindet. Wir laden Sie ein, unsere beiden Weltpremieren zu besuchen: Mid-IR-Fasersonden, die mit Quantenkaskadenlaser und MCT-Detektor gekoppelt sind, und Faserkabel f\u00fcr die hohe Leistungs\u00fcbertragung [&hellip;]<\/p>\n","protected":false},"author":11,"featured_media":263,"comment_status":"open","ping_status":"open","sticky":false,"template":"","format":"standard","meta":{"footnotes":""},"categories":[103],"tags":[],"class_list":["post-3330","post","type-post","status-publish","format-standard","has-post-thumbnail","hentry","category-events-de"],"yoast_head":"<!-- This site is optimized with the Yoast SEO plugin v26.1.1 - https:\/\/yoast.com\/wordpress\/plugins\/seo\/ -->\n<title>Einladung zu unserem Stand B3.234 auf der Laser World of Photonics 2019 - art photonics<\/title>\n<meta name=\"robots\" content=\"index, follow, max-snippet:-1, max-image-preview:large, max-video-preview:-1\" \/>\n<link rel=\"canonical\" href=\"https:\/\/artphotonics.com\/de\/einladung-zu-unserem-stand-b3-234-auf-der-laser-world-of-photonics-2019\/\" \/>\n<meta property=\"og:locale\" content=\"de_DE\" \/>\n<meta property=\"og:type\" content=\"article\" \/>\n<meta property=\"og:title\" content=\"Einladung zu unserem Stand B3.234 auf der Laser World of Photonics 2019 - art photonics\" \/>\n<meta property=\"og:description\" content=\"Liebe Kolleginnen und Kollegen, Sie sind herzlich eingeladen, unseren Stand B3.234 w\u00e4hrend der Laser World of Photonics 2019 zu besuchen, die vom 24. bis 27. Juni 2019 in der Messe M\u00fcnchen stattfindet. Wir laden Sie ein, unsere beiden Weltpremieren zu besuchen: Mid-IR-Fasersonden, die mit Quantenkaskadenlaser und MCT-Detektor gekoppelt sind, und Faserkabel f\u00fcr die hohe Leistungs\u00fcbertragung [&hellip;]\" \/>\n<meta property=\"og:url\" content=\"https:\/\/artphotonics.com\/de\/einladung-zu-unserem-stand-b3-234-auf-der-laser-world-of-photonics-2019\/\" \/>\n<meta property=\"og:site_name\" content=\"art photonics\" \/>\n<meta property=\"article:published_time\" content=\"2023-09-04T10:18:02+00:00\" \/>\n<meta property=\"article:modified_time\" content=\"2023-09-04T10:18:04+00:00\" \/>\n<meta property=\"og:image\" content=\"https:\/\/artphotonics.com\/wp-content\/uploads\/2019\/06\/DSC05102a.jpg\" \/>\n\t<meta property=\"og:image:width\" content=\"1500\" \/>\n\t<meta property=\"og:image:height\" content=\"1000\" \/>\n\t<meta property=\"og:image:type\" content=\"image\/jpeg\" \/>\n<meta name=\"author\" content=\"Stanislav Perevoschikov\" \/>\n<meta name=\"twitter:card\" content=\"summary_large_image\" \/>\n<meta name=\"twitter:label1\" content=\"Verfasst von\" \/>\n\t<meta name=\"twitter:data1\" content=\"Stanislav Perevoschikov\" \/>\n\t<meta name=\"twitter:label2\" content=\"Gesch\u00e4tzte Lesezeit\" \/>\n\t<meta name=\"twitter:data2\" content=\"1\u00a0Minute\" \/>\n<script type=\"application\/ld+json\" class=\"yoast-schema-graph\">{\"@context\":\"https:\/\/schema.org\",\"@graph\":[{\"@type\":\"Article\",\"@id\":\"https:\/\/artphotonics.com\/de\/einladung-zu-unserem-stand-b3-234-auf-der-laser-world-of-photonics-2019\/#article\",\"isPartOf\":{\"@id\":\"https:\/\/artphotonics.com\/de\/einladung-zu-unserem-stand-b3-234-auf-der-laser-world-of-photonics-2019\/\"},\"author\":{\"name\":\"Stanislav Perevoschikov\",\"@id\":\"https:\/\/artphotonics.com\/de\/#\/schema\/person\/128d234dbda7977dd07f21345b9c0939\"},\"headline\":\"Einladung zu unserem Stand B3.234 auf der Laser World of Photonics 2019\",\"datePublished\":\"2023-09-04T10:18:02+00:00\",\"dateModified\":\"2023-09-04T10:18:04+00:00\",\"mainEntityOfPage\":{\"@id\":\"https:\/\/artphotonics.com\/de\/einladung-zu-unserem-stand-b3-234-auf-der-laser-world-of-photonics-2019\/\"},\"wordCount\":150,\"commentCount\":0,\"publisher\":{\"@id\":\"https:\/\/artphotonics.com\/de\/#organization\"},\"image\":{\"@id\":\"https:\/\/artphotonics.com\/de\/einladung-zu-unserem-stand-b3-234-auf-der-laser-world-of-photonics-2019\/#primaryimage\"},\"thumbnailUrl\":\"https:\/\/artphotonics.com\/wp-content\/uploads\/2019\/06\/DSC05102a.jpg\",\"articleSection\":[\"Events\"],\"inLanguage\":\"de\",\"potentialAction\":[{\"@type\":\"CommentAction\",\"name\":\"Comment\",\"target\":[\"https:\/\/artphotonics.com\/de\/einladung-zu-unserem-stand-b3-234-auf-der-laser-world-of-photonics-2019\/#respond\"]}]},{\"@type\":\"WebPage\",\"@id\":\"https:\/\/artphotonics.com\/de\/einladung-zu-unserem-stand-b3-234-auf-der-laser-world-of-photonics-2019\/\",\"url\":\"https:\/\/artphotonics.com\/de\/einladung-zu-unserem-stand-b3-234-auf-der-laser-world-of-photonics-2019\/\",\"name\":\"Einladung zu unserem Stand B3.234 auf der Laser World of Photonics 2019 - art photonics\",\"isPartOf\":{\"@id\":\"https:\/\/artphotonics.com\/de\/#website\"},\"primaryImageOfPage\":{\"@id\":\"https:\/\/artphotonics.com\/de\/einladung-zu-unserem-stand-b3-234-auf-der-laser-world-of-photonics-2019\/#primaryimage\"},\"image\":{\"@id\":\"https:\/\/artphotonics.com\/de\/einladung-zu-unserem-stand-b3-234-auf-der-laser-world-of-photonics-2019\/#primaryimage\"},\"thumbnailUrl\":\"https:\/\/artphotonics.com\/wp-content\/uploads\/2019\/06\/DSC05102a.jpg\",\"datePublished\":\"2023-09-04T10:18:02+00:00\",\"dateModified\":\"2023-09-04T10:18:04+00:00\",\"breadcrumb\":{\"@id\":\"https:\/\/artphotonics.com\/de\/einladung-zu-unserem-stand-b3-234-auf-der-laser-world-of-photonics-2019\/#breadcrumb\"},\"inLanguage\":\"de\",\"potentialAction\":[{\"@type\":\"ReadAction\",\"target\":[\"https:\/\/artphotonics.com\/de\/einladung-zu-unserem-stand-b3-234-auf-der-laser-world-of-photonics-2019\/\"]}]},{\"@type\":\"ImageObject\",\"inLanguage\":\"de\",\"@id\":\"https:\/\/artphotonics.com\/de\/einladung-zu-unserem-stand-b3-234-auf-der-laser-world-of-photonics-2019\/#primaryimage\",\"url\":\"https:\/\/artphotonics.com\/wp-content\/uploads\/2019\/06\/DSC05102a.jpg\",\"contentUrl\":\"https:\/\/artphotonics.com\/wp-content\/uploads\/2019\/06\/DSC05102a.jpg\",\"width\":1500,\"height\":1000},{\"@type\":\"BreadcrumbList\",\"@id\":\"https:\/\/artphotonics.com\/de\/einladung-zu-unserem-stand-b3-234-auf-der-laser-world-of-photonics-2019\/#breadcrumb\",\"itemListElement\":[{\"@type\":\"ListItem\",\"position\":1,\"name\":\"Home\",\"item\":\"https:\/\/artphotonics.com\/de\/\"},{\"@type\":\"ListItem\",\"position\":2,\"name\":\"Einladung zu unserem Stand B3.234 auf der Laser World of Photonics 2019\"}]},{\"@type\":\"WebSite\",\"@id\":\"https:\/\/artphotonics.com\/de\/#website\",\"url\":\"https:\/\/artphotonics.com\/de\/\",\"name\":\"art photonics\",\"description\":\"Worldwide Leader in Custom Fiber Products\",\"publisher\":{\"@id\":\"https:\/\/artphotonics.com\/de\/#organization\"},\"potentialAction\":[{\"@type\":\"SearchAction\",\"target\":{\"@type\":\"EntryPoint\",\"urlTemplate\":\"https:\/\/artphotonics.com\/de\/?s={search_term_string}\"},\"query-input\":{\"@type\":\"PropertyValueSpecification\",\"valueRequired\":true,\"valueName\":\"search_term_string\"}}],\"inLanguage\":\"de\"},{\"@type\":\"Organization\",\"@id\":\"https:\/\/artphotonics.com\/de\/#organization\",\"name\":\"art photonics GmbH\",\"url\":\"https:\/\/artphotonics.com\/de\/\",\"logo\":{\"@type\":\"ImageObject\",\"inLanguage\":\"de\",\"@id\":\"https:\/\/artphotonics.com\/de\/#\/schema\/logo\/image\/\",\"url\":\"https:\/\/artphotonics.com\/wp-content\/uploads\/2021\/03\/Art_photonics_logo_color.svg\",\"contentUrl\":\"https:\/\/artphotonics.com\/wp-content\/uploads\/2021\/03\/Art_photonics_logo_color.svg\",\"width\":582,\"height\":148,\"caption\":\"art photonics GmbH\"},\"image\":{\"@id\":\"https:\/\/artphotonics.com\/de\/#\/schema\/logo\/image\/\"}},{\"@type\":\"Person\",\"@id\":\"https:\/\/artphotonics.com\/de\/#\/schema\/person\/128d234dbda7977dd07f21345b9c0939\",\"name\":\"Stanislav Perevoschikov\",\"image\":{\"@type\":\"ImageObject\",\"inLanguage\":\"de\",\"@id\":\"https:\/\/artphotonics.com\/de\/#\/schema\/person\/image\/\",\"url\":\"https:\/\/secure.gravatar.com\/avatar\/a5d372f8443f35b14350f55916a77d52660845b45a1e67304b0f37ee857bd8f4?s=96&d=mm&r=g\",\"contentUrl\":\"https:\/\/secure.gravatar.com\/avatar\/a5d372f8443f35b14350f55916a77d52660845b45a1e67304b0f37ee857bd8f4?s=96&d=mm&r=g\",\"caption\":\"Stanislav Perevoschikov\"},\"url\":\"https:\/\/artphotonics.com\/de\"}]}<\/script>\n<!-- \/ Yoast SEO plugin. -->","yoast_head_json":{"title":"Einladung zu unserem Stand B3.234 auf der Laser World of Photonics 2019 - art photonics","robots":{"index":"index","follow":"follow","max-snippet":"max-snippet:-1","max-image-preview":"max-image-preview:large","max-video-preview":"max-video-preview:-1"},"canonical":"https:\/\/artphotonics.com\/de\/einladung-zu-unserem-stand-b3-234-auf-der-laser-world-of-photonics-2019\/","og_locale":"de_DE","og_type":"article","og_title":"Einladung zu unserem Stand B3.234 auf der Laser World of Photonics 2019 - art photonics","og_description":"Liebe Kolleginnen und Kollegen, Sie sind herzlich eingeladen, unseren Stand B3.234 w\u00e4hrend der Laser World of Photonics 2019 zu besuchen, die vom 24. bis 27. Juni 2019 in der Messe M\u00fcnchen stattfindet. Wir laden Sie ein, unsere beiden Weltpremieren zu besuchen: Mid-IR-Fasersonden, die mit Quantenkaskadenlaser und MCT-Detektor gekoppelt sind, und Faserkabel f\u00fcr die hohe Leistungs\u00fcbertragung [&hellip;]","og_url":"https:\/\/artphotonics.com\/de\/einladung-zu-unserem-stand-b3-234-auf-der-laser-world-of-photonics-2019\/","og_site_name":"art photonics","article_published_time":"2023-09-04T10:18:02+00:00","article_modified_time":"2023-09-04T10:18:04+00:00","og_image":[{"width":1500,"height":1000,"url":"https:\/\/artphotonics.com\/wp-content\/uploads\/2019\/06\/DSC05102a.jpg","type":"image\/jpeg"}],"author":"Stanislav Perevoschikov","twitter_card":"summary_large_image","twitter_misc":{"Verfasst von":"Stanislav Perevoschikov","Gesch\u00e4tzte Lesezeit":"1\u00a0Minute"},"schema":{"@context":"https:\/\/schema.org","@graph":[{"@type":"Article","@id":"https:\/\/artphotonics.com\/de\/einladung-zu-unserem-stand-b3-234-auf-der-laser-world-of-photonics-2019\/#article","isPartOf":{"@id":"https:\/\/artphotonics.com\/de\/einladung-zu-unserem-stand-b3-234-auf-der-laser-world-of-photonics-2019\/"},"author":{"name":"Stanislav Perevoschikov","@id":"https:\/\/artphotonics.com\/de\/#\/schema\/person\/128d234dbda7977dd07f21345b9c0939"},"headline":"Einladung zu unserem Stand B3.234 auf der Laser World of Photonics 2019","datePublished":"2023-09-04T10:18:02+00:00","dateModified":"2023-09-04T10:18:04+00:00","mainEntityOfPage":{"@id":"https:\/\/artphotonics.com\/de\/einladung-zu-unserem-stand-b3-234-auf-der-laser-world-of-photonics-2019\/"},"wordCount":150,"commentCount":0,"publisher":{"@id":"https:\/\/artphotonics.com\/de\/#organization"},"image":{"@id":"https:\/\/artphotonics.com\/de\/einladung-zu-unserem-stand-b3-234-auf-der-laser-world-of-photonics-2019\/#primaryimage"},"thumbnailUrl":"https:\/\/artphotonics.com\/wp-content\/uploads\/2019\/06\/DSC05102a.jpg","articleSection":["Events"],"inLanguage":"de","potentialAction":[{"@type":"CommentAction","name":"Comment","target":["https:\/\/artphotonics.com\/de\/einladung-zu-unserem-stand-b3-234-auf-der-laser-world-of-photonics-2019\/#respond"]}]},{"@type":"WebPage","@id":"https:\/\/artphotonics.com\/de\/einladung-zu-unserem-stand-b3-234-auf-der-laser-world-of-photonics-2019\/","url":"https:\/\/artphotonics.com\/de\/einladung-zu-unserem-stand-b3-234-auf-der-laser-world-of-photonics-2019\/","name":"Einladung zu unserem Stand B3.234 auf der Laser World of Photonics 2019 - art photonics","isPartOf":{"@id":"https:\/\/artphotonics.com\/de\/#website"},"primaryImageOfPage":{"@id":"https:\/\/artphotonics.com\/de\/einladung-zu-unserem-stand-b3-234-auf-der-laser-world-of-photonics-2019\/#primaryimage"},"image":{"@id":"https:\/\/artphotonics.com\/de\/einladung-zu-unserem-stand-b3-234-auf-der-laser-world-of-photonics-2019\/#primaryimage"},"thumbnailUrl":"https:\/\/artphotonics.com\/wp-content\/uploads\/2019\/06\/DSC05102a.jpg","datePublished":"2023-09-04T10:18:02+00:00","dateModified":"2023-09-04T10:18:04+00:00","breadcrumb":{"@id":"https:\/\/artphotonics.com\/de\/einladung-zu-unserem-stand-b3-234-auf-der-laser-world-of-photonics-2019\/#breadcrumb"},"inLanguage":"de","potentialAction":[{"@type":"ReadAction","target":["https:\/\/artphotonics.com\/de\/einladung-zu-unserem-stand-b3-234-auf-der-laser-world-of-photonics-2019\/"]}]},{"@type":"ImageObject","inLanguage":"de","@id":"https:\/\/artphotonics.com\/de\/einladung-zu-unserem-stand-b3-234-auf-der-laser-world-of-photonics-2019\/#primaryimage","url":"https:\/\/artphotonics.com\/wp-content\/uploads\/2019\/06\/DSC05102a.jpg","contentUrl":"https:\/\/artphotonics.com\/wp-content\/uploads\/2019\/06\/DSC05102a.jpg","width":1500,"height":1000},{"@type":"BreadcrumbList","@id":"https:\/\/artphotonics.com\/de\/einladung-zu-unserem-stand-b3-234-auf-der-laser-world-of-photonics-2019\/#breadcrumb","itemListElement":[{"@type":"ListItem","position":1,"name":"Home","item":"https:\/\/artphotonics.com\/de\/"},{"@type":"ListItem","position":2,"name":"Einladung zu unserem Stand B3.234 auf der Laser World of Photonics 2019"}]},{"@type":"WebSite","@id":"https:\/\/artphotonics.com\/de\/#website","url":"https:\/\/artphotonics.com\/de\/","name":"art photonics","description":"Worldwide Leader in Custom Fiber Products","publisher":{"@id":"https:\/\/artphotonics.com\/de\/#organization"},"potentialAction":[{"@type":"SearchAction","target":{"@type":"EntryPoint","urlTemplate":"https:\/\/artphotonics.com\/de\/?s={search_term_string}"},"query-input":{"@type":"PropertyValueSpecification","valueRequired":true,"valueName":"search_term_string"}}],"inLanguage":"de"},{"@type":"Organization","@id":"https:\/\/artphotonics.com\/de\/#organization","name":"art photonics GmbH","url":"https:\/\/artphotonics.com\/de\/","logo":{"@type":"ImageObject","inLanguage":"de","@id":"https:\/\/artphotonics.com\/de\/#\/schema\/logo\/image\/","url":"https:\/\/artphotonics.com\/wp-content\/uploads\/2021\/03\/Art_photonics_logo_color.svg","contentUrl":"https:\/\/artphotonics.com\/wp-content\/uploads\/2021\/03\/Art_photonics_logo_color.svg","width":582,"height":148,"caption":"art photonics GmbH"},"image":{"@id":"https:\/\/artphotonics.com\/de\/#\/schema\/logo\/image\/"}},{"@type":"Person","@id":"https:\/\/artphotonics.com\/de\/#\/schema\/person\/128d234dbda7977dd07f21345b9c0939","name":"Stanislav Perevoschikov","image":{"@type":"ImageObject","inLanguage":"de","@id":"https:\/\/artphotonics.com\/de\/#\/schema\/person\/image\/","url":"https:\/\/secure.gravatar.com\/avatar\/a5d372f8443f35b14350f55916a77d52660845b45a1e67304b0f37ee857bd8f4?s=96&d=mm&r=g","contentUrl":"https:\/\/secure.gravatar.com\/avatar\/a5d372f8443f35b14350f55916a77d52660845b45a1e67304b0f37ee857bd8f4?s=96&d=mm&r=g","caption":"Stanislav Perevoschikov"},"url":"https:\/\/artphotonics.com\/de"}]}},"_links":{"self":[{"href":"https:\/\/artphotonics.com\/de\/wp-json\/wp\/v2\/posts\/3330","targetHints":{"allow":["GET"]}}],"collection":[{"href":"https:\/\/artphotonics.com\/de\/wp-json\/wp\/v2\/posts"}],"about":[{"href":"https:\/\/artphotonics.com\/de\/wp-json\/wp\/v2\/types\/post"}],"author":[{"embeddable":true,"href":"https:\/\/artphotonics.com\/de\/wp-json\/wp\/v2\/users\/11"}],"replies":[{"embeddable":true,"href":"https:\/\/artphotonics.com\/de\/wp-json\/wp\/v2\/comments?post=3330"}],"version-history":[{"count":1,"href":"https:\/\/artphotonics.com\/de\/wp-json\/wp\/v2\/posts\/3330\/revisions"}],"predecessor-version":[{"id":3331,"href":"https:\/\/artphotonics.com\/de\/wp-json\/wp\/v2\/posts\/3330\/revisions\/3331"}],"wp:featuredmedia":[{"embeddable":true,"href":"https:\/\/artphotonics.com\/de\/wp-json\/wp\/v2\/media\/263"}],"wp:attachment":[{"href":"https:\/\/artphotonics.com\/de\/wp-json\/wp\/v2\/media?parent=3330"}],"wp:term":[{"taxonomy":"category","embeddable":true,"href":"https:\/\/artphotonics.com\/de\/wp-json\/wp\/v2\/categories?post=3330"},{"taxonomy":"post_tag","embeddable":true,"href":"https:\/\/artphotonics.com\/de\/wp-json\/wp\/v2\/tags?post=3330"}],"curies":[{"name":"wp","href":"https:\/\/api.w.org\/{rel}","templated":true}]}}